{"id":2759,"date":"2021-03-09T16:22:22","date_gmt":"2021-03-09T16:22:22","guid":{"rendered":"https:\/\/www.intermodaltelematics.com\/?p=2759"},"modified":"2021-03-15T16:22:34","modified_gmt":"2021-03-15T16:22:34","slug":"kube_kubenz_innovation_imt","status":"publish","type":"post","link":"https:\/\/www.intermodaltelematics.com\/de\/kube_kubenz_innovation_imt\/","title":{"rendered":"IMT in den Medien: Innovation bringt Kube &#038; Kubenz und IMT zusammen"},"content":{"rendered":"<div id='post'  class='avia-section main_color avia-section-default avia-no-border-styling avia-bg-style-scroll  avia-builder-el-0  avia-builder-el-no-sibling   container_wrap fullsize' style=' '  ><div class='container' ><main  role=\"main\" itemprop=\"mainContentOfPage\"  class='template-page content  av-content-full alpha units'><div class='post-entry post-entry-type-page post-entry-2759'><div class='entry-content-wrapper clearfix'>\n<div class=\"flex_column av_one_half  flex_column_div av-zero-column-padding first  avia-builder-el-1  el_before_av_one_half  avia-builder-el-first  \" style='margin-top:0px; margin-bottom:0px; border-radius:0px; '><section class=\"av_textblock_section \"  itemscope=\"itemscope\" itemtype=\"https:\/\/schema.org\/BlogPosting\" itemprop=\"blogPost\" ><div class='avia_textblock  '   itemprop=\"text\" ><p><strong>Tank News International (TNI) hat sich im M\u00e4rz mit der Fallstudie IMT &#8211; Kube &amp; Kubenz in der Telematik besch\u00e4ftigt. Telematik l\u00e4sst sich am besten mit praktischen Anwendungen und den Erfahrungen aus dem Markt mit Telematik erkl\u00e4ren.\u00a0Lesen Sie hier den Beitrag in TNI:<\/strong><\/p>\n<p>Kube &amp; Kubenz befasst sich seit vielen Jahren mit dem Transport und der Logistik von fl\u00fcssigen und frei flie\u00dfenden Gefahrg\u00fctern sowie hochempfindlichen Gasen. Das Unternehmen ist europaweit t\u00e4tig, mit Schwerpunkt in den DACH- und BENELUX-L\u00e4ndern sowie in Frankreich, Italien und Spanien. Als Logistikspezialist f\u00fcr chemische Gase verf\u00fcgt das Unternehmen \u00fcber eine Flotte von 1.250 Tanks und 150 Sattelzugmaschinen. Die F\u00e4higkeit, den Transport solch sensibler und gef\u00e4hrlicher Gase kontinuierlich zu \u00fcberwachen, ist von gr\u00f6\u00dfter Bedeutung. Der Transport von Stoffen wie Ethylenoxid, Dimethylether oder Butadien erfordert Einsicht und Temperatur- sowie Druck\u00fcberwachung.<\/p>\n<p>Wir waren auf der Suche nach einem starken Telematikpartner, dem wie uns Kundenservice, Qualit\u00e4t und Sicherheit sehr wichtig sind. Auf einer Messe kamen wir erstmals mit IMT in Kontakt und starteten dann gemeinsam eine Testphase. Die angenehme Zusammenarbeit in Kombination mit den gewonnenen Erkenntnissen und der Genauigkeit, mit der wir die Ladung verfolgen konnten, hat uns dazu bewogen, die Zusammenarbeit auszubauen.<\/p>\n<p>&#8230;<\/p>\n<p>Den vollst\u00e4ndigen Artikel k\u00f6nnen Sie <a href=\"https:\/\/www.intermodaltelematics.com\/wp-content\/uploads\/Kube-Kubenz-IMT-TNI-march-2021-03-3.pdf\" target=\"_blank\" rel=\"noopener\">hier herunterladen und lesen (&lt; 1Mb) &gt;&gt;<\/a><\/p>\n<\/div><\/section><\/div><div class=\"flex_column av_one_half  flex_column_div av-zero-column-padding   avia-builder-el-3  el_after_av_one_half  el_before_av_hr  \" style='margin-top:0px; margin-bottom:0px; border-radius:0px; '><p><div  style='height:50px' class='hr hr-invisible   avia-builder-el-4  el_before_av_image  avia-builder-el-first '><span class='hr-inner ' ><span class='hr-inner-style'><\/span><\/span><\/div><br \/>\n<div  class='avia-image-container  av-styling-    avia-builder-el-5  el_after_av_hr  el_before_av_hr  avia-align- '  itemprop=\"image\" itemscope=\"itemscope\" itemtype=\"https:\/\/schema.org\/ImageObject\"  ><div class='avia-image-container-inner'><div class='avia-image-overlay-wrap'><img class='avia_image' src='https:\/\/www.intermodaltelematics.com\/wp-content\/uploads\/TNI_KubeKubenz_IMT_telematics_march2021.png' alt='' title='TNI_KubeKubenz_IMT_telematics_march2021' height=\"1178\" width=\"802\"  itemprop=\"thumbnailUrl\"  \/><\/div><\/div><\/div><br \/>\n<div  style='height:50px' class='hr hr-invisible   avia-builder-el-6  el_after_av_image  avia-builder-el-last '><span class='hr-inner ' ><span class='hr-inner-style'><\/span><\/span><\/div><\/p><\/div><div  style='height:100px' class='hr hr-invisible   avia-builder-el-7  el_after_av_one_half  avia-builder-el-last '><span class='hr-inner ' ><span class='hr-inner-style'><\/span><\/span><\/div>\n\n","protected":false},"excerpt":{"rendered":"<p>Tank News International (TNI) hat sich im M\u00e4rz mit der Fallstudie IMT &#8211; Kube &#038; Kubenz in der Telematik besch\u00e4ftigt. Telematik l\u00e4sst sich am besten mit praktischen Anwendungen und den Erfahrungen aus dem Markt mit Telematik erkl\u00e4ren.<\/p>\n","protected":false},"author":2,"featured_media":2732,"comment_status":"open","ping_status":"open","sticky":false,"template":"","format":"standard","meta":{"inline_featured_image":false,"footnotes":""},"categories":[14],"tags":[],"class_list":["post-2759","post","type-post","status-publish","format-standard","has-post-thumbnail","hentry","category-news-de"],"yoast_head":"<!-- This site is optimized with the Yoast SEO plugin v27.5 - https:\/\/yoast.com\/product\/yoast-seo-wordpress\/ -->\n<title>IMT in den Medien: Innovation bringt Kube &amp; Kubenz und IMT zusammen - IMT<\/title>\n<meta name=\"description\" content=\"Tank News International (TNI) hat sich im M\u00e4rz mit der Fallstudie IMT - Kube &amp; Kubenz in der Telematik besch\u00e4ftigt. Telematik l\u00e4sst sich am besten mit praktischen Anwendungen und den Erfahrungen aus dem Markt mit Telematik erkl\u00e4ren.\" \/>\n<meta name=\"robots\" content=\"index, follow, max-snippet:-1, max-image-preview:large, max-video-preview:-1\" \/>\n<link rel=\"canonical\" href=\"https:\/\/www.intermodaltelematics.com\/de\/kube_kubenz_innovation_imt\/\" \/>\n<meta property=\"og:locale\" content=\"de_DE\" \/>\n<meta property=\"og:type\" content=\"article\" \/>\n<meta property=\"og:title\" content=\"IMT in den Medien: Innovation bringt Kube &amp; Kubenz und IMT zusammen - IMT\" \/>\n<meta property=\"og:description\" content=\"Tank News International (TNI) hat sich im M\u00e4rz mit der Fallstudie IMT - Kube &amp; Kubenz in der Telematik besch\u00e4ftigt. Telematik l\u00e4sst sich am besten mit praktischen Anwendungen und den Erfahrungen aus dem Markt mit Telematik erkl\u00e4ren.\" \/>\n<meta property=\"og:url\" content=\"https:\/\/www.intermodaltelematics.com\/de\/kube_kubenz_innovation_imt\/\" \/>\n<meta property=\"og:site_name\" content=\"IMT\" \/>\n<meta property=\"article:published_time\" content=\"2021-03-09T16:22:22+00:00\" \/>\n<meta property=\"article:modified_time\" content=\"2021-03-15T16:22:34+00:00\" \/>\n<meta property=\"og:image\" content=\"https:\/\/www.intermodaltelematics.com\/wp-content\/uploads\/TNI_KubeKubenz_IMT_telematics_march2021.png\" \/>\n\t<meta property=\"og:image:width\" content=\"802\" \/>\n\t<meta property=\"og:image:height\" content=\"1178\" \/>\n\t<meta property=\"og:image:type\" content=\"image\/png\" \/>\n<meta name=\"author\" content=\"Anja Smid\" \/>\n<meta name=\"twitter:card\" content=\"summary_large_image\" \/>\n<meta name=\"twitter:label1\" content=\"Verfasst von\" \/>\n\t<meta name=\"twitter:data1\" content=\"Anja Smid\" \/>\n\t<meta name=\"twitter:label2\" content=\"Gesch\u00e4tzte Lesezeit\" \/>\n\t<meta name=\"twitter:data2\" content=\"4\u00a0Minuten\" \/>\n<script type=\"application\/ld+json\" class=\"yoast-schema-graph\">{\"@context\":\"https:\\\/\\\/schema.org\",\"@graph\":[{\"@type\":\"Article\",\"@id\":\"https:\\\/\\\/www.intermodaltelematics.com\\\/de\\\/kube_kubenz_innovation_imt\\\/#article\",\"isPartOf\":{\"@id\":\"https:\\\/\\\/www.intermodaltelematics.com\\\/de\\\/kube_kubenz_innovation_imt\\\/\"},\"author\":{\"name\":\"Anja Smid\",\"@id\":\"https:\\\/\\\/www.intermodaltelematics.com\\\/#\\\/schema\\\/person\\\/81499f11618800b71837ffbf40715872\"},\"headline\":\"IMT in den Medien: Innovation bringt Kube &#038; Kubenz und IMT zusammen\",\"datePublished\":\"2021-03-09T16:22:22+00:00\",\"dateModified\":\"2021-03-15T16:22:34+00:00\",\"mainEntityOfPage\":{\"@id\":\"https:\\\/\\\/www.intermodaltelematics.com\\\/de\\\/kube_kubenz_innovation_imt\\\/\"},\"wordCount\":873,\"commentCount\":0,\"image\":{\"@id\":\"https:\\\/\\\/www.intermodaltelematics.com\\\/de\\\/kube_kubenz_innovation_imt\\\/#primaryimage\"},\"thumbnailUrl\":\"https:\\\/\\\/www.intermodaltelematics.com\\\/wp-content\\\/uploads\\\/TNI_KubeKubenz_IMT_telematics_march2021.png\",\"articleSection\":[\"news\"],\"inLanguage\":\"de\",\"potentialAction\":[{\"@type\":\"CommentAction\",\"name\":\"Comment\",\"target\":[\"https:\\\/\\\/www.intermodaltelematics.com\\\/de\\\/kube_kubenz_innovation_imt\\\/#respond\"]}]},{\"@type\":\"WebPage\",\"@id\":\"https:\\\/\\\/www.intermodaltelematics.com\\\/de\\\/kube_kubenz_innovation_imt\\\/\",\"url\":\"https:\\\/\\\/www.intermodaltelematics.com\\\/de\\\/kube_kubenz_innovation_imt\\\/\",\"name\":\"IMT in den Medien: Innovation bringt Kube & Kubenz und IMT zusammen - IMT\",\"isPartOf\":{\"@id\":\"https:\\\/\\\/www.intermodaltelematics.com\\\/#website\"},\"primaryImageOfPage\":{\"@id\":\"https:\\\/\\\/www.intermodaltelematics.com\\\/de\\\/kube_kubenz_innovation_imt\\\/#primaryimage\"},\"image\":{\"@id\":\"https:\\\/\\\/www.intermodaltelematics.com\\\/de\\\/kube_kubenz_innovation_imt\\\/#primaryimage\"},\"thumbnailUrl\":\"https:\\\/\\\/www.intermodaltelematics.com\\\/wp-content\\\/uploads\\\/TNI_KubeKubenz_IMT_telematics_march2021.png\",\"datePublished\":\"2021-03-09T16:22:22+00:00\",\"dateModified\":\"2021-03-15T16:22:34+00:00\",\"author\":{\"@id\":\"https:\\\/\\\/www.intermodaltelematics.com\\\/#\\\/schema\\\/person\\\/81499f11618800b71837ffbf40715872\"},\"description\":\"Tank News International (TNI) hat sich im M\u00e4rz mit der Fallstudie IMT - Kube & Kubenz in der Telematik besch\u00e4ftigt. Telematik l\u00e4sst sich am besten mit praktischen Anwendungen und den Erfahrungen aus dem Markt mit Telematik erkl\u00e4ren.\",\"breadcrumb\":{\"@id\":\"https:\\\/\\\/www.intermodaltelematics.com\\\/de\\\/kube_kubenz_innovation_imt\\\/#breadcrumb\"},\"inLanguage\":\"de\",\"potentialAction\":[{\"@type\":\"ReadAction\",\"target\":[\"https:\\\/\\\/www.intermodaltelematics.com\\\/de\\\/kube_kubenz_innovation_imt\\\/\"]}]},{\"@type\":\"ImageObject\",\"inLanguage\":\"de\",\"@id\":\"https:\\\/\\\/www.intermodaltelematics.com\\\/de\\\/kube_kubenz_innovation_imt\\\/#primaryimage\",\"url\":\"https:\\\/\\\/www.intermodaltelematics.com\\\/wp-content\\\/uploads\\\/TNI_KubeKubenz_IMT_telematics_march2021.png\",\"contentUrl\":\"https:\\\/\\\/www.intermodaltelematics.com\\\/wp-content\\\/uploads\\\/TNI_KubeKubenz_IMT_telematics_march2021.png\",\"width\":802,\"height\":1178},{\"@type\":\"BreadcrumbList\",\"@id\":\"https:\\\/\\\/www.intermodaltelematics.com\\\/de\\\/kube_kubenz_innovation_imt\\\/#breadcrumb\",\"itemListElement\":[{\"@type\":\"ListItem\",\"position\":1,\"name\":\"Home\",\"item\":\"https:\\\/\\\/www.intermodaltelematics.com\\\/de\\\/home\\\/\"},{\"@type\":\"ListItem\",\"position\":2,\"name\":\"IMT in den Medien: Innovation bringt Kube &#038; Kubenz und IMT zusammen\"}]},{\"@type\":\"WebSite\",\"@id\":\"https:\\\/\\\/www.intermodaltelematics.com\\\/#website\",\"url\":\"https:\\\/\\\/www.intermodaltelematics.com\\\/\",\"name\":\"IMT\",\"description\":\"Telematics taking over\",\"potentialAction\":[{\"@type\":\"SearchAction\",\"target\":{\"@type\":\"EntryPoint\",\"urlTemplate\":\"https:\\\/\\\/www.intermodaltelematics.com\\\/?s={search_term_string}\"},\"query-input\":{\"@type\":\"PropertyValueSpecification\",\"valueRequired\":true,\"valueName\":\"search_term_string\"}}],\"inLanguage\":\"de\"},{\"@type\":\"Person\",\"@id\":\"https:\\\/\\\/www.intermodaltelematics.com\\\/#\\\/schema\\\/person\\\/81499f11618800b71837ffbf40715872\",\"name\":\"Anja Smid\",\"image\":{\"@type\":\"ImageObject\",\"inLanguage\":\"de\",\"@id\":\"https:\\\/\\\/www.intermodaltelematics.com\\\/wp-content\\\/litespeed\\\/avatar\\\/6f66268fce008054a647177c696f905a.jpg?ver=1777375602\",\"url\":\"https:\\\/\\\/www.intermodaltelematics.com\\\/wp-content\\\/litespeed\\\/avatar\\\/6f66268fce008054a647177c696f905a.jpg?ver=1777375602\",\"contentUrl\":\"https:\\\/\\\/www.intermodaltelematics.com\\\/wp-content\\\/litespeed\\\/avatar\\\/6f66268fce008054a647177c696f905a.jpg?ver=1777375602\",\"caption\":\"Anja Smid\"},\"url\":\"https:\\\/\\\/www.intermodaltelematics.com\\\/de\\\/author\\\/anja-smid\\\/\"}]}<\/script>\n<!-- \/ Yoast SEO plugin. -->","yoast_head_json":{"title":"IMT in den Medien: Innovation bringt Kube & Kubenz und IMT zusammen - IMT","description":"Tank News International (TNI) hat sich im M\u00e4rz mit der Fallstudie IMT - Kube & Kubenz in der Telematik besch\u00e4ftigt. Telematik l\u00e4sst sich am besten mit praktischen Anwendungen und den Erfahrungen aus dem Markt mit Telematik erkl\u00e4ren.","robots":{"index":"index","follow":"follow","max-snippet":"max-snippet:-1","max-image-preview":"max-image-preview:large","max-video-preview":"max-video-preview:-1"},"canonical":"https:\/\/www.intermodaltelematics.com\/de\/kube_kubenz_innovation_imt\/","og_locale":"de_DE","og_type":"article","og_title":"IMT in den Medien: Innovation bringt Kube & Kubenz und IMT zusammen - IMT","og_description":"Tank News International (TNI) hat sich im M\u00e4rz mit der Fallstudie IMT - Kube & Kubenz in der Telematik besch\u00e4ftigt. Telematik l\u00e4sst sich am besten mit praktischen Anwendungen und den Erfahrungen aus dem Markt mit Telematik erkl\u00e4ren.","og_url":"https:\/\/www.intermodaltelematics.com\/de\/kube_kubenz_innovation_imt\/","og_site_name":"IMT","article_published_time":"2021-03-09T16:22:22+00:00","article_modified_time":"2021-03-15T16:22:34+00:00","og_image":[{"width":802,"height":1178,"url":"https:\/\/www.intermodaltelematics.com\/wp-content\/uploads\/TNI_KubeKubenz_IMT_telematics_march2021.png","type":"image\/png"}],"author":"Anja Smid","twitter_card":"summary_large_image","twitter_misc":{"Verfasst von":"Anja Smid","Gesch\u00e4tzte Lesezeit":"4\u00a0Minuten"},"schema":{"@context":"https:\/\/schema.org","@graph":[{"@type":"Article","@id":"https:\/\/www.intermodaltelematics.com\/de\/kube_kubenz_innovation_imt\/#article","isPartOf":{"@id":"https:\/\/www.intermodaltelematics.com\/de\/kube_kubenz_innovation_imt\/"},"author":{"name":"Anja Smid","@id":"https:\/\/www.intermodaltelematics.com\/#\/schema\/person\/81499f11618800b71837ffbf40715872"},"headline":"IMT in den Medien: Innovation bringt Kube &#038; Kubenz und IMT zusammen","datePublished":"2021-03-09T16:22:22+00:00","dateModified":"2021-03-15T16:22:34+00:00","mainEntityOfPage":{"@id":"https:\/\/www.intermodaltelematics.com\/de\/kube_kubenz_innovation_imt\/"},"wordCount":873,"commentCount":0,"image":{"@id":"https:\/\/www.intermodaltelematics.com\/de\/kube_kubenz_innovation_imt\/#primaryimage"},"thumbnailUrl":"https:\/\/www.intermodaltelematics.com\/wp-content\/uploads\/TNI_KubeKubenz_IMT_telematics_march2021.png","articleSection":["news"],"inLanguage":"de","potentialAction":[{"@type":"CommentAction","name":"Comment","target":["https:\/\/www.intermodaltelematics.com\/de\/kube_kubenz_innovation_imt\/#respond"]}]},{"@type":"WebPage","@id":"https:\/\/www.intermodaltelematics.com\/de\/kube_kubenz_innovation_imt\/","url":"https:\/\/www.intermodaltelematics.com\/de\/kube_kubenz_innovation_imt\/","name":"IMT in den Medien: Innovation bringt Kube & Kubenz und IMT zusammen - IMT","isPartOf":{"@id":"https:\/\/www.intermodaltelematics.com\/#website"},"primaryImageOfPage":{"@id":"https:\/\/www.intermodaltelematics.com\/de\/kube_kubenz_innovation_imt\/#primaryimage"},"image":{"@id":"https:\/\/www.intermodaltelematics.com\/de\/kube_kubenz_innovation_imt\/#primaryimage"},"thumbnailUrl":"https:\/\/www.intermodaltelematics.com\/wp-content\/uploads\/TNI_KubeKubenz_IMT_telematics_march2021.png","datePublished":"2021-03-09T16:22:22+00:00","dateModified":"2021-03-15T16:22:34+00:00","author":{"@id":"https:\/\/www.intermodaltelematics.com\/#\/schema\/person\/81499f11618800b71837ffbf40715872"},"description":"Tank News International (TNI) hat sich im M\u00e4rz mit der Fallstudie IMT - Kube & Kubenz in der Telematik besch\u00e4ftigt. Telematik l\u00e4sst sich am besten mit praktischen Anwendungen und den Erfahrungen aus dem Markt mit Telematik erkl\u00e4ren.","breadcrumb":{"@id":"https:\/\/www.intermodaltelematics.com\/de\/kube_kubenz_innovation_imt\/#breadcrumb"},"inLanguage":"de","potentialAction":[{"@type":"ReadAction","target":["https:\/\/www.intermodaltelematics.com\/de\/kube_kubenz_innovation_imt\/"]}]},{"@type":"ImageObject","inLanguage":"de","@id":"https:\/\/www.intermodaltelematics.com\/de\/kube_kubenz_innovation_imt\/#primaryimage","url":"https:\/\/www.intermodaltelematics.com\/wp-content\/uploads\/TNI_KubeKubenz_IMT_telematics_march2021.png","contentUrl":"https:\/\/www.intermodaltelematics.com\/wp-content\/uploads\/TNI_KubeKubenz_IMT_telematics_march2021.png","width":802,"height":1178},{"@type":"BreadcrumbList","@id":"https:\/\/www.intermodaltelematics.com\/de\/kube_kubenz_innovation_imt\/#breadcrumb","itemListElement":[{"@type":"ListItem","position":1,"name":"Home","item":"https:\/\/www.intermodaltelematics.com\/de\/home\/"},{"@type":"ListItem","position":2,"name":"IMT in den Medien: Innovation bringt Kube &#038; Kubenz und IMT zusammen"}]},{"@type":"WebSite","@id":"https:\/\/www.intermodaltelematics.com\/#website","url":"https:\/\/www.intermodaltelematics.com\/","name":"IMT","description":"Telematics taking over","potentialAction":[{"@type":"SearchAction","target":{"@type":"EntryPoint","urlTemplate":"https:\/\/www.intermodaltelematics.com\/?s={search_term_string}"},"query-input":{"@type":"PropertyValueSpecification","valueRequired":true,"valueName":"search_term_string"}}],"inLanguage":"de"},{"@type":"Person","@id":"https:\/\/www.intermodaltelematics.com\/#\/schema\/person\/81499f11618800b71837ffbf40715872","name":"Anja Smid","image":{"@type":"ImageObject","inLanguage":"de","@id":"https:\/\/www.intermodaltelematics.com\/wp-content\/litespeed\/avatar\/6f66268fce008054a647177c696f905a.jpg?ver=1777375602","url":"https:\/\/www.intermodaltelematics.com\/wp-content\/litespeed\/avatar\/6f66268fce008054a647177c696f905a.jpg?ver=1777375602","contentUrl":"https:\/\/www.intermodaltelematics.com\/wp-content\/litespeed\/avatar\/6f66268fce008054a647177c696f905a.jpg?ver=1777375602","caption":"Anja Smid"},"url":"https:\/\/www.intermodaltelematics.com\/de\/author\/anja-smid\/"}]}},"_links":{"self":[{"href":"https:\/\/www.intermodaltelematics.com\/de\/wp-json\/wp\/v2\/posts\/2759","targetHints":{"allow":["GET"]}}],"collection":[{"href":"https:\/\/www.intermodaltelematics.com\/de\/wp-json\/wp\/v2\/posts"}],"about":[{"href":"https:\/\/www.intermodaltelematics.com\/de\/wp-json\/wp\/v2\/types\/post"}],"author":[{"embeddable":true,"href":"https:\/\/www.intermodaltelematics.com\/de\/wp-json\/wp\/v2\/users\/2"}],"replies":[{"embeddable":true,"href":"https:\/\/www.intermodaltelematics.com\/de\/wp-json\/wp\/v2\/comments?post=2759"}],"version-history":[{"count":4,"href":"https:\/\/www.intermodaltelematics.com\/de\/wp-json\/wp\/v2\/posts\/2759\/revisions"}],"predecessor-version":[{"id":2774,"href":"https:\/\/www.intermodaltelematics.com\/de\/wp-json\/wp\/v2\/posts\/2759\/revisions\/2774"}],"wp:featuredmedia":[{"embeddable":true,"href":"https:\/\/www.intermodaltelematics.com\/de\/wp-json\/wp\/v2\/media\/2732"}],"wp:attachment":[{"href":"https:\/\/www.intermodaltelematics.com\/de\/wp-json\/wp\/v2\/media?parent=2759"}],"wp:term":[{"taxonomy":"category","embeddable":true,"href":"https:\/\/www.intermodaltelematics.com\/de\/wp-json\/wp\/v2\/categories?post=2759"},{"taxonomy":"post_tag","embeddable":true,"href":"https:\/\/www.intermodaltelematics.com\/de\/wp-json\/wp\/v2\/tags?post=2759"}],"curies":[{"name":"wp","href":"https:\/\/api.w.org\/{rel}","templated":true}]}}